{"id":41,"date":"2018-01-27T17:32:48","date_gmt":"2018-01-27T17:32:48","guid":{"rendered":"http:\/\/axa-alaaf.de\/?p=41"},"modified":"2019-11-25T17:38:32","modified_gmt":"2019-11-25T17:38:32","slug":"27-01-2018-gir-keller-kostuemparty-1","status":"publish","type":"post","link":"http:\/\/axa-alaaf.de\/?p=41","title":{"rendered":"27.01.2018 Gir-Keller Kost\u00fcmparty #1"},"content":{"rendered":"\n<p>F\u00fcr die erste Kost\u00fcmparty des gerade knapp 6 Monate jungen Karnevalsverein (stimmt doch nicht. Wir wurden doch 2016 gegr\u00fcndet!?) haben wir uns eine besondere Location ausgesucht. Zentral im Herzen K\u00f6lns sollte sie liegen, ein besonderes Flair haben und bis zu 300 G\u00e4ste unterbringen. Da der Verein auf ein Miteinander auf Augenh\u00f6he viel Wert legt, soll dies auch f\u00fcr die Bands gelten, die nicht von einer entfernten B\u00fchne \u201evon oben herab\u201c spielen, sondern ganz nah am Publikum zum schunkeln und mitsingen animieren. Die Anforderungen erf\u00fcllt der Gir-Keller in der Lintgasse ganz vortrefflich. Musikalisch soll sich die Kost\u00fcmparty neben einem DJ auf junge Bands fokussieren, die dem Karneval mit ihren frischen Songs neuen Schwung geben und jede karnevalistische Playlist erweitern.   <\/p>\n\n\n\n<p>Am 27.01.2018 hat der damalige Vereinspr\u00e4sident Helmut Schmidt p\u00fcnktlich um 19:11 die Party er\u00f6ffnet und begr\u00fc\u00dfte nacheinander Rockemarieche, Kommando3, Lupo, K\u00f6besse und DJ Steve.<\/p>\n\n\n\n<figure class=\"wp-block-image\"><img loading=\"lazy\" decoding=\"async\" width=\"346\" height=\"269\" src=\"http:\/\/axa-alaaf.de\/wp-content\/uploads\/2019\/11\/25399202_1711677428853416_425402772810930252_n-2.jpg\" alt=\"AXA \/ Alaaf e.V. \" class=\"wp-image-42\" srcset=\"http:\/\/axa-alaaf.de\/wp-content\/uploads\/2019\/11\/25399202_1711677428853416_425402772810930252_n-2.jpg 346w, http:\/\/axa-alaaf.de\/wp-content\/uploads\/2019\/11\/25399202_1711677428853416_425402772810930252_n-2-300x233.jpg 300w\" sizes=\"auto, (max-width: 346px) 100vw, 346px\" \/><\/figure>\n","protected":false},"excerpt":{"rendered":"<p>F\u00fcr die erste Kost\u00fcmparty des gerade knapp 6 Monate jungen Karnevalsverein (stimmt doch nicht. Wir wurden doch 2016 gegr\u00fcndet!?) haben wir uns eine besondere Location ausgesucht. Zentral im Herzen K\u00f6lns sollte sie liegen, ein besonderes Flair haben und bis zu&#8230;<\/p>\n","protected":false},"author":1,"featured_media":42,"comment_status":"open","ping_status":"open","sticky":false,"template":"","format":"standard","meta":{"footnotes":""},"categories":[1],"tags":[],"class_list":["post-41","post","type-post","status-publish","format-standard","has-post-thumbnail","hentry","category-aktuelles-aus-dem-verein"],"_links":{"self":[{"href":"http:\/\/axa-alaaf.de\/index.php?rest_route=\/wp\/v2\/posts\/41","targetHints":{"allow":["GET"]}}],"collection":[{"href":"http:\/\/axa-alaaf.de\/index.php?rest_route=\/wp\/v2\/posts"}],"about":[{"href":"http:\/\/axa-alaaf.de\/index.php?rest_route=\/wp\/v2\/types\/post"}],"author":[{"embeddable":true,"href":"http:\/\/axa-alaaf.de\/index.php?rest_route=\/wp\/v2\/users\/1"}],"replies":[{"embeddable":true,"href":"http:\/\/axa-alaaf.de\/index.php?rest_route=%2Fwp%2Fv2%2Fcomments&post=41"}],"version-history":[{"count":1,"href":"http:\/\/axa-alaaf.de\/index.php?rest_route=\/wp\/v2\/posts\/41\/revisions"}],"predecessor-version":[{"id":43,"href":"http:\/\/axa-alaaf.de\/index.php?rest_route=\/wp\/v2\/posts\/41\/revisions\/43"}],"wp:featuredmedia":[{"embeddable":true,"href":"http:\/\/axa-alaaf.de\/index.php?rest_route=\/wp\/v2\/media\/42"}],"wp:attachment":[{"href":"http:\/\/axa-alaaf.de\/index.php?rest_route=%2Fwp%2Fv2%2Fmedia&parent=41"}],"wp:term":[{"taxonomy":"category","embeddable":true,"href":"http:\/\/axa-alaaf.de\/index.php?rest_route=%2Fwp%2Fv2%2Fcategories&post=41"},{"taxonomy":"post_tag","embeddable":true,"href":"http:\/\/axa-alaaf.de\/index.php?rest_route=%2Fwp%2Fv2%2Ftags&post=41"}],"curies":[{"name":"wp","href":"https:\/\/api.w.org\/{rel}","templated":true}]}}