{"id":55,"date":"2020-01-12T13:50:46","date_gmt":"2020-01-12T13:50:46","guid":{"rendered":"http:\/\/axa-alaaf.de\/?p=55"},"modified":"2020-01-12T13:51:56","modified_gmt":"2020-01-12T13:51:56","slug":"wer-sind-die-special-guests-am-25-01-im-gir-keller","status":"publish","type":"post","link":"http:\/\/axa-alaaf.de\/?p=55","title":{"rendered":"Wer ist der &#8222;Special Guests&#8220; am 25.01. im Gir-Keller???"},"content":{"rendered":"\n<p>Bisher hatten wir f\u00fcr unsere Kost\u00fcmparty am 25.01.2020 im GIR-Keller neben Kommando3, Torben Klein, Stadtrand, Die Filue und dem DJ von einem mysteri\u00f6sem Special Guest gesprochen. <\/p>\n\n\n\n<p>Nun, dieser Special Guest sind erstmal zwei G\u00e4ste bzw. zwei K\u00fcnstler: Wir freuen uns Drecks\u00e4ck auf der B\u00fchne im Gir-Keller zu begr\u00fc\u00dfen und als j\u00fcngsten Zugang der K\u00f6lschrock Szene &#8211; sozusagen als hei\u00dfestes Frittierfett im Karneval &#8211; werden wir DELAR\u00dcE begr\u00fc\u00dfen, die nebenbei auch noch den Videodreh zu einem ihrer neuen Songs planen. <\/p>\n\n\n\n<p>Also ein Feuerwerk an Musik, ein Augenschmaus f\u00fcr die Ohren, ein Fest f\u00fcr die Sinne. Wir freuen uns drauf! \ud83d\ude42 <\/p>\n\n\n\n<p>Es geht \u00fcbrigens bereits ab 18:30 los! <\/p>\n","protected":false},"excerpt":{"rendered":"<p>Bisher hatten wir f\u00fcr unsere Kost\u00fcmparty am 25.01.2020 im GIR-Keller neben Kommando3, Torben Klein, Stadtrand, Die Filue und dem DJ von einem mysteri\u00f6sem Special Guest gesprochen. Nun, dieser Special Guest sind erstmal zwei G\u00e4ste bzw. zwei K\u00fcnstler: Wir freuen uns&#8230;<\/p>\n","protected":false},"author":1,"featured_media":48,"comment_status":"open","ping_status":"open","sticky":false,"template":"","format":"standard","meta":{"footnotes":""},"categories":[1],"tags":[],"class_list":["post-55","post","type-post","status-publish","format-standard","has-post-thumbnail","hentry","category-aktuelles-aus-dem-verein"],"_links":{"self":[{"href":"http:\/\/axa-alaaf.de\/index.php?rest_route=\/wp\/v2\/posts\/55","targetHints":{"allow":["GET"]}}],"collection":[{"href":"http:\/\/axa-alaaf.de\/index.php?rest_route=\/wp\/v2\/posts"}],"about":[{"href":"http:\/\/axa-alaaf.de\/index.php?rest_route=\/wp\/v2\/types\/post"}],"author":[{"embeddable":true,"href":"http:\/\/axa-alaaf.de\/index.php?rest_route=\/wp\/v2\/users\/1"}],"replies":[{"embeddable":true,"href":"http:\/\/axa-alaaf.de\/index.php?rest_route=%2Fwp%2Fv2%2Fcomments&post=55"}],"version-history":[{"count":3,"href":"http:\/\/axa-alaaf.de\/index.php?rest_route=\/wp\/v2\/posts\/55\/revisions"}],"predecessor-version":[{"id":58,"href":"http:\/\/axa-alaaf.de\/index.php?rest_route=\/wp\/v2\/posts\/55\/revisions\/58"}],"wp:featuredmedia":[{"embeddable":true,"href":"http:\/\/axa-alaaf.de\/index.php?rest_route=\/wp\/v2\/media\/48"}],"wp:attachment":[{"href":"http:\/\/axa-alaaf.de\/index.php?rest_route=%2Fwp%2Fv2%2Fmedia&parent=55"}],"wp:term":[{"taxonomy":"category","embeddable":true,"href":"http:\/\/axa-alaaf.de\/index.php?rest_route=%2Fwp%2Fv2%2Fcategories&post=55"},{"taxonomy":"post_tag","embeddable":true,"href":"http:\/\/axa-alaaf.de\/index.php?rest_route=%2Fwp%2Fv2%2Ftags&post=55"}],"curies":[{"name":"wp","href":"https:\/\/api.w.org\/{rel}","templated":true}]}}